{"id":500,"date":"2024-06-24T08:09:13","date_gmt":"2024-06-24T08:09:13","guid":{"rendered":"https:\/\/www.csarcenciel.fr\/?p=500"},"modified":"2024-06-24T08:09:13","modified_gmt":"2024-06-24T08:09:13","slug":"cet-ete-avec-les-centres-socioculturels","status":"publish","type":"post","link":"https:\/\/www.csarcenciel.fr\/?p=500","title":{"rendered":"Cet \u00e9t\u00e9 avec les centres socioculturels"},"content":{"rendered":"<p>Retrouvez-nous cet \u00e9t\u00e9 sur les quartiers de la ville tout le mois de Juillet et jusqu&rsquo;au 2 ao\u00fbt.<\/p>\n<p>Nous proposons \u00e9galement des sorties en familles et pour adultes. Pensez \u00e0 vous inscrire aupr\u00e8s des secr\u00e9tariats des centres socioculturels Arc en Ciel au 04 78 70 42 95.<\/p>\n<p>Bel \u00e9t\u00e9 \u00e0 toutes et \u00e0 tous !<\/p>\n<p><!--more--><\/p>\n<p><img loading=\"lazy\" decoding=\"async\" class=\"alignnone size-full wp-image-501\" src=\"https:\/\/www.csarcenciel.fr\/wp-content\/uploads\/2024\/06\/ETE-2024-par-semaine_page-0001.jpg\" alt=\"\" width=\"878\" height=\"1241\" srcset=\"https:\/\/www.csarcenciel.fr\/wp-content\/uploads\/2024\/06\/ETE-2024-par-semaine_page-0001.jpg 878w, https:\/\/www.csarcenciel.fr\/wp-content\/uploads\/2024\/06\/ETE-2024-par-semaine_page-0001-212x300.jpg 212w, https:\/\/www.csarcenciel.fr\/wp-content\/uploads\/2024\/06\/ETE-2024-par-semaine_page-0001-724x1024.jpg 724w, https:\/\/www.csarcenciel.fr\/wp-content\/uploads\/2024\/06\/ETE-2024-par-semaine_page-0001-768x1086.jpg 768w\" sizes=\"auto, (max-width: 878px) 100vw, 878px\" \/> <img loading=\"lazy\" decoding=\"async\" class=\"alignnone size-full wp-image-502\" src=\"https:\/\/www.csarcenciel.fr\/wp-content\/uploads\/2024\/06\/ETE-2024-par-semaine_page-0002.jpg\" alt=\"\" width=\"878\" height=\"1241\" srcset=\"https:\/\/www.csarcenciel.fr\/wp-content\/uploads\/2024\/06\/ETE-2024-par-semaine_page-0002.jpg 878w, https:\/\/www.csarcenciel.fr\/wp-content\/uploads\/2024\/06\/ETE-2024-par-semaine_page-0002-212x300.jpg 212w, https:\/\/www.csarcenciel.fr\/wp-content\/uploads\/2024\/06\/ETE-2024-par-semaine_page-0002-724x1024.jpg 724w, https:\/\/www.csarcenciel.fr\/wp-content\/uploads\/2024\/06\/ETE-2024-par-semaine_page-0002-768x1086.jpg 768w\" sizes=\"auto, (max-width: 878px) 100vw, 878px\" \/> <img loading=\"lazy\" decoding=\"async\" class=\"alignnone size-full wp-image-503\" src=\"https:\/\/www.csarcenciel.fr\/wp-content\/uploads\/2024\/06\/ETE-2024-par-semaine_page-0003.jpg\" alt=\"\" width=\"878\" height=\"1241\" srcset=\"https:\/\/www.csarcenciel.fr\/wp-content\/uploads\/2024\/06\/ETE-2024-par-semaine_page-0003.jpg 878w, https:\/\/www.csarcenciel.fr\/wp-content\/uploads\/2024\/06\/ETE-2024-par-semaine_page-0003-212x300.jpg 212w, https:\/\/www.csarcenciel.fr\/wp-content\/uploads\/2024\/06\/ETE-2024-par-semaine_page-0003-724x1024.jpg 724w, https:\/\/www.csarcenciel.fr\/wp-content\/uploads\/2024\/06\/ETE-2024-par-semaine_page-0003-768x1086.jpg 768w\" sizes=\"auto, (max-width: 878px) 100vw, 878px\" \/> <img loading=\"lazy\" decoding=\"async\" class=\"alignnone size-full wp-image-504\" src=\"https:\/\/www.csarcenciel.fr\/wp-content\/uploads\/2024\/06\/ETE-2024-par-semaine_page-0004.jpg\" alt=\"\" width=\"878\" height=\"1241\" srcset=\"https:\/\/www.csarcenciel.fr\/wp-content\/uploads\/2024\/06\/ETE-2024-par-semaine_page-0004.jpg 878w, https:\/\/www.csarcenciel.fr\/wp-content\/uploads\/2024\/06\/ETE-2024-par-semaine_page-0004-212x300.jpg 212w, https:\/\/www.csarcenciel.fr\/wp-content\/uploads\/2024\/06\/ETE-2024-par-semaine_page-0004-724x1024.jpg 724w, https:\/\/www.csarcenciel.fr\/wp-content\/uploads\/2024\/06\/ETE-2024-par-semaine_page-0004-768x1086.jpg 768w\" sizes=\"auto, (max-width: 878px) 100vw, 878px\" \/><\/p>\n","protected":false},"excerpt":{"rendered":"<p>Retrouvez-nous cet \u00e9t\u00e9 sur les quartiers de la ville tout le mois de Juillet et jusqu&rsquo;au 2 ao\u00fbt. Nous proposons \u00e9galement des sorties en familles et pour adultes. Pensez \u00e0 vous inscrire aupr\u00e8s des secr\u00e9tariats des centres socioculturels Arc en Ciel au 04 78 70 42 95. Bel \u00e9t\u00e9 \u00e0 toutes et \u00e0 tous !<\/p>\n","protected":false},"author":1,"featured_media":505,"comment_status":"closed","ping_status":"open","sticky":false,"template":"","format":"standard","meta":{"footnotes":""},"categories":[6,17,19,16,8,15],"tags":[],"class_list":["post-500","post","type-post","status-publish","format-standard","has-post-thumbnail","hentry","category-adherents","category-adultes","category-evenement","category-familles","category-programme","category-vacances"],"_links":{"self":[{"href":"https:\/\/www.csarcenciel.fr\/index.php?rest_route=\/wp\/v2\/posts\/500","targetHints":{"allow":["GET"]}}],"collection":[{"href":"https:\/\/www.csarcenciel.fr\/index.php?rest_route=\/wp\/v2\/posts"}],"about":[{"href":"https:\/\/www.csarcenciel.fr\/index.php?rest_route=\/wp\/v2\/types\/post"}],"author":[{"embeddable":true,"href":"https:\/\/www.csarcenciel.fr\/index.php?rest_route=\/wp\/v2\/users\/1"}],"replies":[{"embeddable":true,"href":"https:\/\/www.csarcenciel.fr\/index.php?rest_route=%2Fwp%2Fv2%2Fcomments&post=500"}],"version-history":[{"count":1,"href":"https:\/\/www.csarcenciel.fr\/index.php?rest_route=\/wp\/v2\/posts\/500\/revisions"}],"predecessor-version":[{"id":506,"href":"https:\/\/www.csarcenciel.fr\/index.php?rest_route=\/wp\/v2\/posts\/500\/revisions\/506"}],"wp:featuredmedia":[{"embeddable":true,"href":"https:\/\/www.csarcenciel.fr\/index.php?rest_route=\/wp\/v2\/media\/505"}],"wp:attachment":[{"href":"https:\/\/www.csarcenciel.fr\/index.php?rest_route=%2Fwp%2Fv2%2Fmedia&parent=500"}],"wp:term":[{"taxonomy":"category","embeddable":true,"href":"https:\/\/www.csarcenciel.fr\/index.php?rest_route=%2Fwp%2Fv2%2Fcategories&post=500"},{"taxonomy":"post_tag","embeddable":true,"href":"https:\/\/www.csarcenciel.fr\/index.php?rest_route=%2Fwp%2Fv2%2Ftags&post=500"}],"curies":[{"name":"wp","href":"https:\/\/api.w.org\/{rel}","templated":true}]}}